{"id":3394,"date":"2021-06-30T14:00:39","date_gmt":"2021-06-30T18:00:39","guid":{"rendered":"https:\/\/www.energipr.com\/?p=3394"},"modified":"2021-07-04T10:00:37","modified_gmt":"2021-07-04T14:00:37","slug":"energi-rp-accueille-theodora-samiotis","status":"publish","type":"post","link":"https:\/\/www.energipr.com\/fr\/energi-rp-accueille-theodora-samiotis\/","title":{"rendered":"energi RP renforce son \u00e9quipe d\u2019affaires corporatives et publiques"},"content":{"rendered":"<p style=\"padding-left: 40px;\"><strong>energi\u00a0RP accueille Theodora\u00a0Samiotis \u00e0 titre de conseill\u00e8re principale et\u00a0<\/strong><strong>renforce son \u00e9quipe d\u2019affaires corporatives et publiques.<\/strong><\/p>\n<p>Montr\u00e9al, QC, 2 juillet, 2021 &#8211; La firme canadienne d\u2019experts-conseils en relations publiques, energi\u00a0RP\u00a0inc., est heureuse d\u2019annoncer le retour de Theodora\u00a0Samiotis, sp\u00e9cialiste chevronn\u00e9e en mati\u00e8re de communications et d\u2019affaires publiques, en tant que conseill\u00e8re principale au sein de ses services corporatives et de soins de sant\u00e9.<\/p>\n<p>Theodora a commenc\u00e9 sa carri\u00e8re en communications il y a plus de 25\u00a0ans \u00e0 energi\u00a0RP avant d\u2019occuper diff\u00e9rents postes d\u2019importance grandissante dans les secteurs public et priv\u00e9.<\/p>\n<p>\u00ab\u00a0Nous sommes absolument ravis de retrouver Theodora \u00e0 energi\u00a0RP, et fiers de pouvoir compter sur son expertise en r\u00e9flexion strat\u00e9gique et en affaires publiques, un atout dont profitera grandement notre portefeuille croissant de clients\u00a0\u00bb, s\u2019est r\u00e9jouie Carol\u00a0Levine, cofondatrice et chef de la direction d\u2019energi\u00a0RP.<\/p>\n<p>\u00ab\u00a0C\u2019est merveilleux de voir comment les relations professionnelles nous permettent de boucler la boucle\u00a0\u00bb, a d\u00e9clar\u00e9 Theodora. \u00a0\u00ab\u00a0J&rsquo;ai appris l&rsquo;essentiel du m\u00e9tier de la communication chez energi PR, et cette exp\u00e9rience m&rsquo;a bien servi dans mes fonctions de direction et de conseil dans les secteurs priv\u00e9 et public, je peux maintenant compl\u00e9ter cette bo\u00eete \u00e0 outils avec un ensemble diversifi\u00e9 d&rsquo;exp\u00e9riences concr\u00e8tes.\u00a0\u00bb<\/p>\n<p><strong>Theodora\u00a0Samiotis<\/strong><\/p>\n<p>\u00c0 titre de directrice des communications et des affaires publiques au sein de la soci\u00e9t\u00e9 pharmaceutique Wyeth (maintenant Pfizer), Theodora a con\u00e7u et mis en \u0153uvre des programmes de relations publiques pour le lancement r\u00e9ussi de quatre nouveaux produits, y compris la toute premi\u00e8re campagne publicitaire t\u00e9l\u00e9vis\u00e9e pour la pilule contraceptive au Canada. \u00a0Elle \u00e9tait la personne de r\u00e9f\u00e9rence de l&rsquo;entreprise pour les questions relatives \u00e0 l&rsquo;industrie, y compris les recommandations de politique f\u00e9d\u00e9rale, et a \u00e9tabli et g\u00e9r\u00e9 les relations avec les parties prenantes. Elle a \u00e9galement agi en tant que porte-parole, guidant les communications en mati\u00e8re de r\u00e9putation et de crise \u00e0 l&rsquo;\u00e9chelle nationale.<\/p>\n<p>Plus r\u00e9cemment, dans le cadre de sa pratique du conseil, Theodora a \u00e9galement travaill\u00e9 \u00e0 l&rsquo;identification et \u00e0 la mobilisation de groupes de patients pour des maladies rares ainsi que pour la recherche sur le cerveau, notamment la SLA et la maladie de Parkinson, pour le compte d&rsquo;entreprises et de fondations.<\/p>\n<p>Forte des six\u00a0ann\u00e9es qu\u2019elle a pass\u00e9es sur la Colline Parlementaire, d\u2019abord en tant qu\u2019adjointe l\u00e9gislative d\u2019un d\u00e9put\u00e9 \u00e0 la Chambre des communes, puis \u00e0 titre d\u2019adjointe sp\u00e9ciale du ministre de la D\u00e9fense nationale du Canada, Theodora a une compr\u00e9hension approfondie des rouages du gouvernement f\u00e9d\u00e9ral et de ses politiques de sant\u00e9.<\/p>\n<p>Theodora a rempli deux\u00a0mandats en tant que conseill\u00e8re \u00e9lue \u00e0 la Ville de Westmount.\u00a0 Elle poss\u00e8de de l\u2019exp\u00e9rience entre autres en relations avec des parties prenantes et des collectivit\u00e9s, ainsi qu\u2019en engagement aupr\u00e8s des gouvernements provinciaux et f\u00e9d\u00e9ral, et des organismes de r\u00e9glementation.<\/p>\n<p>R\u00e9sidente de Montr\u00e9al, Madame\u00a0Samiotis est membre auxiliaire du corps professoral de l\u2019Universit\u00e9\u00a0Concordia, o\u00f9 elle enseigne un cours sur les strat\u00e9gies d\u2019affaires publiques. Polyglotte, elle parle couramment l\u2019anglais, le fran\u00e7ais, l\u2019espagnol et le grec.<\/p>\n<p><strong>energi\u00a0RP\u00a0inc.<\/strong><\/p>\n<p>Fond\u00e9e en\u00a01990, la firme energi\u00a0RP offre des perspectives de classe mondiale, une connaissance approfondie des march\u00e9s locaux, une approche strat\u00e9gique et de solides moyens de mise en \u0153uvre par l\u2019entremise de relations publiques et de communications marketing sociales et num\u00e9riques int\u00e9gr\u00e9es. Nous avons acquis une vaste et exceptionnelle exp\u00e9rience gr\u00e2ce \u00e0 un mod\u00e8le d\u2019affaires qui fait profiter nos clients de conseils de premier\u00a0plan. Nous nous sp\u00e9cialisons en communications d\u2019entreprise, de sant\u00e9 grand public, de style de vie et de sciences m\u00e9dicales. Notre firme, qui est la premi\u00e8re\u00a0agence de relations publiques bilingue ind\u00e9pendante au Canada, poss\u00e8de des bureaux dans les deux\u00a0principaux centres d\u2019affaires du pays. Nous sommes en outre la seule filiale canadienne de GLOBALHealthPR, le plus grand partenariat ind\u00e9pendant d\u2019agences de communication m\u00e9dicale et de sant\u00e9 grand public au monde.<\/p>\n<p>Pour en savoir plus \u00e0 notre sujet, visitez le <a href=\"https:\/\/www.energipr.com\/fr\/\">www.energipr.com<\/a>, et suivez-nous sur <a href=\"https:\/\/www.linkedin.com\/company\/energi-pr-rp-communications-digital\">LinkedIn<\/a>, <a href=\"https:\/\/twitter.com\/energipr\">Twitter<\/a>, <a href=\"https:\/\/www.facebook.com\/energiPR\">Facebook<\/a> et <a href=\"https:\/\/www.instagram.com\/energipr\/\">Instagram<\/a>.<\/p>\n","protected":false},"excerpt":{"rendered":"<p>Before you dismiss PR or assume it&rsquo;s a piece of cake to generate top tier coverage, understand what it takes to create compelling news and capture the attention of career journalists. <\/p>\n","protected":false},"author":1,"featured_media":3570,"comment_status":"open","ping_status":"open","sticky":false,"template":"","format":"standard","meta":{"_acf_changed":false,"footnotes":""},"categories":[11],"tags":[31,32,33,34,35,36,37,38,39,40,41],"class_list":["post-3394","post","type-post","status-publish","format-standard","has-post-thumbnail","hentry","category-nouvelles-fr","tag-agencies-fr","tag-agency-fr","tag-communications-fr","tag-coverage-fr","tag-journalists-fr","tag-media-fr","tag-media-relations-fr","tag-pr-fr","tag-pr-agency-fr","tag-public-relations-fr","tag-reputation-fr"],"acf":[],"_links":{"self":[{"href":"https:\/\/www.energipr.com\/fr\/wp-json\/wp\/v2\/posts\/3394","targetHints":{"allow":["GET"]}}],"collection":[{"href":"https:\/\/www.energipr.com\/fr\/wp-json\/wp\/v2\/posts"}],"about":[{"href":"https:\/\/www.energipr.com\/fr\/wp-json\/wp\/v2\/types\/post"}],"author":[{"embeddable":true,"href":"https:\/\/www.energipr.com\/fr\/wp-json\/wp\/v2\/users\/1"}],"replies":[{"embeddable":true,"href":"https:\/\/www.energipr.com\/fr\/wp-json\/wp\/v2\/comments?post=3394"}],"version-history":[{"count":0,"href":"https:\/\/www.energipr.com\/fr\/wp-json\/wp\/v2\/posts\/3394\/revisions"}],"wp:featuredmedia":[{"embeddable":true,"href":"https:\/\/www.energipr.com\/fr\/wp-json\/wp\/v2\/media\/3570"}],"wp:attachment":[{"href":"https:\/\/www.energipr.com\/fr\/wp-json\/wp\/v2\/media?parent=3394"}],"wp:term":[{"taxonomy":"category","embeddable":true,"href":"https:\/\/www.energipr.com\/fr\/wp-json\/wp\/v2\/categories?post=3394"},{"taxonomy":"post_tag","embeddable":true,"href":"https:\/\/www.energipr.com\/fr\/wp-json\/wp\/v2\/tags?post=3394"}],"curies":[{"name":"wp","href":"https:\/\/api.w.org\/{rel}","templated":true}]}}